{"id":8988,"date":"2025-10-25T23:14:25","date_gmt":"2025-10-25T21:14:25","guid":{"rendered":"https:\/\/www.ringen-traunstein.de\/wp\/?p=8988"},"modified":"2025-10-25T23:15:34","modified_gmt":"2025-10-25T21:15:34","slug":"8988-2","status":"publish","type":"post","link":"https:\/\/www.ringen-traunstein.de\/wp\/8988-2\/","title":{"rendered":"\u00dcberlegener Sieg in Kempten"},"content":{"rendered":"\n<p><strong>\u00dcberlegener Sieg in Kempten<br \/>50:4 Erfolg der TVT-Ringer \u2013 Zweit siegt in Berchtesgaden nach spannendem Kampf<\/strong><\/p>\n<p>Traunstein dominiert weiterhin klar die Ringer-Gruppenoberliga S\u00fcd und bleibt auch am 7. Kampftag ungeschlagen. Am Samstag Abend holte man bei der Reserve des SV Kempten einen sicheren 50:4 Sieg und f\u00fchrt die Tabelle souver\u00e4n vor dem TSV Westendorf III und dem TSV Trostberg an, die sich mit 25:18 trennten. Die Allg\u00e4uer bleiben damit sch\u00e4rfster Verfolger auf den Spitzenreiter aus Traunstein.<\/p>\n<p>Der TVT machte bei den Allg\u00e4uern schnell schon im 1. Durchgang alles klar und gewann im 1. Durchgang alle sieben K\u00e4mpfe. Manche davon mit schnellen Erfolgen mit Technischer \u00dcberlegenheit (Punktdifferenz mindestens 15 Punkte) oder mit schnell herausgek\u00e4mpften Schultersiegen. Andreas Rasumny (75 kg, griechisch-r\u00f6misch) lieferte sich gegen den Allg\u00e4uer Sebastian Egger ein enges Duell und setzte sich mit einer starken 2. Runde nach Punkten durch \u2013 einen Wurf mit der H\u00f6chstwertung von f\u00fcnf Punkten inklusive.<\/p>\n<p>Im 2. Durchgang ging es im gleichen Tempo weiter. Luis Alexander El Malki (86 kg), stand beim TVT erstmals in der 1. Mannschaft und holte seinen 2. Sieg an diesem Abend. Einziger Wehrmutstropfen bei dem Kantersieg in Kempten: Serafym Hrymaliuk (98 kg) verletzte sich bei seinem Freistilkampf am Knie und musste das Mattenduell vorzeitig beenden. \u201eDie Verletzungsmisere rei\u00dft nicht ab bei uns. Ich hoffe dass das keine schwerere Verletzung ist\u201c tr\u00fcbte f\u00fcr TVT-Betreuer Christian Pribil die Freude am souver\u00e4nen Erfolg die Sorge um die Gesundheit seines Halbschwergewichtlers.<\/p>\n<p>Am kommenden Samstag empf\u00e4ngt der TVT zum Start der R\u00fcckrunde die WKG Augsburg\/ Diedorf die den Traunsteinern mehr abverlangen d\u00fcrfte.<\/p>\n<p><strong>Reserve in Berchtesgaden erfolgreich<br \/><br \/><\/strong>Im Kampf der 2. Mannschaften in der Gruppenliga S\u00fcd holten die Traunsteiner beim Zuschauer-Kr\u00f6sus der bayerischen Ligen, dem TSV Berchtesgaden einen 30:24 Sieg.<strong>\u00a0<\/strong>Beim TVT der die beiden Eingangsklassen kampflos f\u00fcr sich verbuchen konnte, zeigten Elias Weithaler (66 kg, F) gegen Fabian Gra\u00dfl eine starke Leistung und siegte mit 11:1 Punkten. Dem stand Anton Hermann (86 kg, F) mit seinem schnellen Sieg mit Technischer \u00dcberlegenheit gegen Kilian Gruber in nichts nach. Nachdem Nils Hartmann (86 kg, G) gegen Marvin Dammann trotz R\u00fcckstand mit seinem Schultersieg ein wahrer Coup gelang, war der Weg frei f\u00fcr den TVT. Peter Gnandt (75 kg, F) schaukelte den Kampf gegen Markus K\u00fcper mit einem sicheren und clever erk\u00e4mpften 18:6 Punktsieg zum 30:24 nach Hause. \u201eDas waren richtig spannende K\u00e4mpfe mit dem f\u00fcr uns gew\u00fcnschten Ende. Ich bin mit unserer Mannschaft sehr zufrieden\u201c betonte TVT-Mannschaftsbetreuer Petar Stefanov.<\/p>\n<p><strong>Nachwuchs verliert deutlich<\/strong><\/p>\n<p>Ersatzgeschw\u00e4cht verloren die jungen Ringer des TVT in der Grenzlandliga gegen den SC Anger ausw\u00e4rts deutlich mit 8:32. Lediglich Arbias Sadicu (32 kg, G) und Valentin Gustapfel (42 kg, F) holten zwei schnelle und sichere Schultersiege. Die weiteren K\u00e4mpfe gingen aber an die Gastgeber aus dem Berchtesgadener Land, die sich zum Teil deutlich \u00fcberlegen zeigten..<\/p>\n<p><strong>Ergebnisse:<\/strong><\/p>\n<p><strong>Grenzlandliga:<\/strong><\/p>\n<table width=\"100%\">\n<tbody>\n<tr>\n<td>\u00a0<\/td>\n<td>\n<p><a href=\"https:\/\/brv-ringen.de\/index.php?option=com_rdb&amp;view=rdb&amp;Itemid=512&amp;tk=cs&amp;sid=2025&amp;yid=S&amp;menu=1&amp;op=lt&amp;lid=%28S%29+Bezirksliga&amp;cntl=Ergebnisse&amp;from=ll&amp;cid=197198r&amp;tid=S+-+SC+Anger\">S &#8211; SC Anger<\/a><\/p>\n<\/td>\n<td>\n<p>\u2013<\/p>\n<\/td>\n<td>\n<p><a href=\"https:\/\/brv-ringen.de\/index.php?option=com_rdb&amp;view=rdb&amp;Itemid=512&amp;tk=cs&amp;sid=2025&amp;yid=S&amp;menu=1&amp;op=lt&amp;lid=%28S%29+Bezirksliga&amp;cntl=Ergebnisse&amp;from=ll&amp;cid=197198r&amp;tid=S+-+TV+Traunstein\">S &#8211; TV Traunstein<\/a><\/p>\n<\/td>\n<td>\u00a0<\/td>\n<td>\n<p><a href=\"https:\/\/brv-ringen.de\/index.php?option=com_rdb&amp;view=rdb&amp;Itemid=512&amp;tk=cs&amp;sid=2025&amp;yid=S&amp;menu=1&amp;op=lc&amp;lid=%28S%29+Bezirksliga&amp;cntl=Ergebnisse&amp;from=ll&amp;cid=082130r\">32:8<\/a><\/p>\n<\/td>\n<\/tr>\n<\/tbody>\n<\/table>\n<p>\u00a0<\/p>\n<p><strong>Gruppenliga S\u00fcd:<\/strong><\/p>\n<table width=\"100%\">\n<tbody>\n<tr>\n<td>\n<p>\u00a0\u00a0<\/p>\n<\/td>\n<td>\n<p><a href=\"https:\/\/brv-ringen.de\/index.php?option=com_rdb&amp;view=rdb&amp;Itemid=512&amp;tk=cs&amp;sid=2025&amp;yid=M&amp;menu=1&amp;op=lt&amp;lid=Gruppenliga&amp;cntl=Ergebnisse&amp;from=ll&amp;cid=011041i&amp;tid=ESV+M%C3%BCnchen-Ost+II\">ESV M\u00fcnchen-Ost II<\/a><\/p>\n<\/td>\n<td>\n<p>\u2013<\/p>\n<\/td>\n<td>\n<p><a href=\"https:\/\/brv-ringen.de\/index.php?option=com_rdb&amp;view=rdb&amp;Itemid=512&amp;tk=cs&amp;sid=2025&amp;yid=M&amp;menu=1&amp;op=lt&amp;lid=Gruppenliga&amp;cntl=Ergebnisse&amp;from=ll&amp;cid=011041i&amp;tid=WKG+Diedorf%2FAugsburg+II\">WKG Diedorf\/Augsburg II<\/a><\/p>\n<\/td>\n<td>\u00a0<\/td>\n<td>\n<p><a href=\"https:\/\/brv-ringen.de\/index.php?option=com_rdb&amp;view=rdb&amp;Itemid=512&amp;tk=cs&amp;sid=2025&amp;yid=M&amp;menu=1&amp;op=lc&amp;lid=Gruppenliga&amp;cntl=Ergebnisse&amp;from=ll&amp;cid=032010i\">31:18<\/a><\/p>\n<\/td>\n<\/tr>\n<tr>\n<td>\n<p>\u00a0\u00a0<\/p>\n<\/td>\n<td>\n<p><a href=\"https:\/\/brv-ringen.de\/index.php?option=com_rdb&amp;view=rdb&amp;Itemid=512&amp;tk=cs&amp;sid=2025&amp;yid=M&amp;menu=1&amp;op=lt&amp;lid=Gruppenliga&amp;cntl=Ergebnisse&amp;from=ll&amp;cid=032010i&amp;tid=RV+Altay\">RV Altay<\/a><\/p>\n<\/td>\n<td>\n<p>\u2013<\/p>\n<\/td>\n<td>\n<p><a href=\"https:\/\/brv-ringen.de\/index.php?option=com_rdb&amp;view=rdb&amp;Itemid=512&amp;tk=cs&amp;sid=2025&amp;yid=M&amp;menu=1&amp;op=lt&amp;lid=Gruppenliga&amp;cntl=Ergebnisse&amp;from=ll&amp;cid=032010i&amp;tid=TSV+Weilheim\">TSV Weilheim<\/a><\/p>\n<\/td>\n<td>\u00a0<\/td>\n<td>\n<p><a href=\"https:\/\/brv-ringen.de\/index.php?option=com_rdb&amp;view=rdb&amp;Itemid=512&amp;tk=cs&amp;sid=2025&amp;yid=M&amp;menu=1&amp;op=lc&amp;lid=Gruppenliga&amp;cntl=Ergebnisse&amp;from=ll&amp;cid=041037i\">36:18<\/a><\/p>\n<\/td>\n<\/tr>\n<tr>\n<td>\n<p>\u00a0\u00a0<\/p>\n<\/td>\n<td>\n<p><a href=\"https:\/\/brv-ringen.de\/index.php?option=com_rdb&amp;view=rdb&amp;Itemid=512&amp;tk=cs&amp;sid=2025&amp;yid=M&amp;menu=1&amp;op=lt&amp;lid=Gruppenliga&amp;cntl=Ergebnisse&amp;from=ll&amp;cid=041037i&amp;tid=TSV+Berchtesgaden+II\">TSV Berchtesgaden II<\/a><\/p>\n<\/td>\n<td>\n<p>\u2013<\/p>\n<\/td>\n<td>\n<p><a href=\"https:\/\/brv-ringen.de\/index.php?option=com_rdb&amp;view=rdb&amp;Itemid=512&amp;tk=cs&amp;sid=2025&amp;yid=M&amp;menu=1&amp;op=lt&amp;lid=Gruppenliga&amp;cntl=Ergebnisse&amp;from=ll&amp;cid=041037i&amp;tid=TV+Traunstein+II\">TV Traunstein II<\/a><\/p>\n<\/td>\n<td>\u00a0<\/td>\n<td>\n<p><a href=\"https:\/\/brv-ringen.de\/index.php?option=com_rdb&amp;view=rdb&amp;Itemid=512&amp;tk=cs&amp;sid=2025&amp;yid=M&amp;menu=1&amp;op=lc&amp;lid=Gruppenliga&amp;cntl=Ergebnisse&amp;from=ll&amp;cid=031038i\">24:30<\/a><\/p>\n<\/td>\n<\/tr>\n<\/tbody>\n<\/table>\n<p>\u00a0<\/p>\n<p><strong>Gruppenoberliga S\u00fcd: <\/strong><\/p>\n<p>\u00a0<\/p>\n<table width=\"100%\">\n<tbody>\n<tr>\n<td>\n<p>\u00a0\u00a0<\/p>\n<\/td>\n<td>\n<p><a href=\"https:\/\/brv-ringen.de\/index.php?option=com_rdb&amp;view=rdb&amp;Itemid=512&amp;tk=cs&amp;sid=2025&amp;yid=M&amp;menu=1&amp;op=lt&amp;lid=Gruppenoberliga&amp;cntl=Ergebnisse&amp;from=ll&amp;cid=034035h&amp;tid=SV+Kempten+II\">SV Kempten II<\/a><\/p>\n<\/td>\n<td>\n<p>\u2013<\/p>\n<\/td>\n<td>\n<p><a href=\"https:\/\/brv-ringen.de\/index.php?option=com_rdb&amp;view=rdb&amp;Itemid=512&amp;tk=cs&amp;sid=2025&amp;yid=M&amp;menu=1&amp;op=lt&amp;lid=Gruppenoberliga&amp;cntl=Ergebnisse&amp;from=ll&amp;cid=034035h&amp;tid=TV+Traunstein\">TV Traunstein<\/a><\/p>\n<\/td>\n<td>\u00a0<\/td>\n<td>\n<p><a href=\"https:\/\/brv-ringen.de\/index.php?option=com_rdb&amp;view=rdb&amp;Itemid=512&amp;tk=cs&amp;sid=2025&amp;yid=M&amp;menu=1&amp;op=lc&amp;lid=Gruppenoberliga&amp;cntl=Ergebnisse&amp;from=ll&amp;cid=034014h\">4:50<\/a><\/p>\n<\/td>\n<\/tr>\n<tr>\n<td>\n<p>\u00a0\u00a0<\/p>\n<\/td>\n<td>\n<p><a href=\"https:\/\/brv-ringen.de\/index.php?option=com_rdb&amp;view=rdb&amp;Itemid=512&amp;tk=cs&amp;sid=2025&amp;yid=M&amp;menu=1&amp;op=lt&amp;lid=Gruppenoberliga&amp;cntl=Ergebnisse&amp;from=ll&amp;cid=034014h&amp;tid=TSV+1860+M%C3%BCnchen\">TSV 1860 M\u00fcnchen<\/a><\/p>\n<\/td>\n<td>\n<p>\u2013<\/p>\n<\/td>\n<td>\n<p><a href=\"https:\/\/brv-ringen.de\/index.php?option=com_rdb&amp;view=rdb&amp;Itemid=512&amp;tk=cs&amp;sid=2025&amp;yid=M&amp;menu=1&amp;op=lt&amp;lid=Gruppenoberliga&amp;cntl=Ergebnisse&amp;from=ll&amp;cid=034014h&amp;tid=AC+Bad+Reichenhall\">AC Bad Reichenhall<\/a><\/p>\n<\/td>\n<td>\u00a0<\/td>\n<td>\n<p><a href=\"https:\/\/brv-ringen.de\/index.php?option=com_rdb&amp;view=rdb&amp;Itemid=512&amp;tk=cs&amp;sid=2025&amp;yid=M&amp;menu=1&amp;op=lc&amp;lid=Gruppenoberliga&amp;cntl=Ergebnisse&amp;from=ll&amp;cid=027035h\">29:24<\/a><\/p>\n<\/td>\n<\/tr>\n<tr>\n<td>\n<p>\u00a0\u00a0<\/p>\n<\/td>\n<td>\n<p><a href=\"https:\/\/brv-ringen.de\/index.php?option=com_rdb&amp;view=rdb&amp;Itemid=512&amp;tk=cs&amp;sid=2025&amp;yid=M&amp;menu=1&amp;op=lt&amp;lid=Gruppenoberliga&amp;cntl=Ergebnisse&amp;from=ll&amp;cid=027035h&amp;tid=TSV+Trostberg\">TSV Trostberg<\/a><\/p>\n<\/td>\n<td>\n<p>\u2013<\/p>\n<\/td>\n<td>\n<p><a href=\"https:\/\/brv-ringen.de\/index.php?option=com_rdb&amp;view=rdb&amp;Itemid=512&amp;tk=cs&amp;sid=2025&amp;yid=M&amp;menu=1&amp;op=lt&amp;lid=Gruppenoberliga&amp;cntl=Ergebnisse&amp;from=ll&amp;cid=027035h&amp;tid=TSV+Westendorf+III\">TSV Westendorf III<\/a><\/p>\n<\/td>\n<td>\u00a0<\/td>\n<td>\n<p><a href=\"https:\/\/brv-ringen.de\/index.php?option=com_rdb&amp;view=rdb&amp;Itemid=512&amp;tk=cs&amp;sid=2025&amp;yid=M&amp;menu=1&amp;op=lc&amp;lid=Gruppenoberliga&amp;cntl=Ergebnisse&amp;from=ll&amp;cid=053088h\">18:25<\/a><\/p>\n<\/td>\n<\/tr>\n<tr>\n<td>\n<p>\u00a0\u00a0<\/p>\n<\/td>\n<td>\n<p><a href=\"https:\/\/brv-ringen.de\/index.php?option=com_rdb&amp;view=rdb&amp;Itemid=512&amp;tk=cs&amp;sid=2025&amp;yid=M&amp;menu=1&amp;op=lt&amp;lid=Gruppenoberliga&amp;cntl=Ergebnisse&amp;from=ll&amp;cid=053088h&amp;tid=TV+Geiselh%C3%B6ring+II\">TV Geiselh\u00f6ring II<\/a><\/p>\n<\/td>\n<td>\n<p>\u2013<\/p>\n<\/td>\n<td>\n<p><a href=\"https:\/\/brv-ringen.de\/index.php?option=com_rdb&amp;view=rdb&amp;Itemid=512&amp;tk=cs&amp;sid=2025&amp;yid=M&amp;menu=1&amp;op=lt&amp;lid=Gruppenoberliga&amp;cntl=Ergebnisse&amp;from=ll&amp;cid=053088h&amp;tid=WKG+Diedorf%2FAugsburg\">WKG Diedorf\/Augsburg<\/a><\/p>\n<\/td>\n<td>\u00a0<\/td>\n<td>\n<p><a href=\"https:\/\/brv-ringen.de\/index.php?option=com_rdb&amp;view=rdb&amp;Itemid=512&amp;tk=cs&amp;sid=2025&amp;yid=M&amp;menu=1&amp;op=lc&amp;lid=Gruppenoberliga&amp;cntl=Ergebnisse&amp;from=ll&amp;cid=106039h\">24:26<\/a><\/p>\n<\/td>\n<\/tr>\n<\/tbody>\n<\/table>\n<p>\u00a0<\/p>\n<p><strong>Tabellen:<\/strong><\/p>\n<p><strong>Gruppenliga:<\/strong><\/p>\n<table>\n<tbody>\n<tr>\n<td>\u00a0<\/td>\n<td>\n<p>Mannschaft<\/p>\n<\/td>\n<td>\n<p>K<\/p>\n<\/td>\n<td>\n<p>S<\/p>\n<\/td>\n<td>\n<p>U<\/p>\n<\/td>\n<td>\n<p>N<\/p>\n<\/td>\n<td colspan=\"6\">\n<p>Punkte<\/p>\n<\/td>\n<\/tr>\n<tr>\n<td>\n<p>1<\/p>\n<\/td>\n<td>\n<p><a href=\"https:\/\/brv-ringen.de\/index.php?option=com_rdb&amp;view=rdb&amp;Itemid=512&amp;tk=cs&amp;sid=2025&amp;yid=M&amp;rid=S%C3%BCd&amp;menu=1&amp;op=lt&amp;lid=Gruppenliga&amp;tid=RV+Altay\">RV Altay<\/a><\/p>\n<\/td>\n<td>\n<p>6<\/p>\n<\/td>\n<td>\n<p>6<\/p>\n<\/td>\n<td>\n<p>0<\/p>\n<\/td>\n<td>\n<p>0<\/p>\n<\/td>\n<td>\n<p>238<\/p>\n<\/td>\n<td>\n<p>:<\/p>\n<\/td>\n<td>\n<p>71<\/p>\n<\/td>\n<td>\n<p>12<\/p>\n<\/td>\n<td>\n<p>:<\/p>\n<\/td>\n<td>\n<p>0<\/p>\n<\/td>\n<\/tr>\n<tr>\n<td>\n<p>2<\/p>\n<\/td>\n<td>\n<p><a href=\"https:\/\/brv-ringen.de\/index.php?option=com_rdb&amp;view=rdb&amp;Itemid=512&amp;tk=cs&amp;sid=2025&amp;yid=M&amp;menu=1&amp;op=lt&amp;lid=Gruppenliga&amp;tid=TV+Traunstein+II\">TV Traunstein II<\/a><\/p>\n<\/td>\n<td>\n<p>6<\/p>\n<\/td>\n<td>\n<p>5<\/p>\n<\/td>\n<td>\n<p>0<\/p>\n<\/td>\n<td>\n<p>1<\/p>\n<\/td>\n<td>\n<p>191<\/p>\n<\/td>\n<td>\n<p>:<\/p>\n<\/td>\n<td>\n<p>116<\/p>\n<\/td>\n<td>\n<p>10<\/p>\n<\/td>\n<td>\n<p>:<\/p>\n<\/td>\n<td>\n<p>2<\/p>\n<\/td>\n<\/tr>\n<tr>\n<td>\n<p>3<\/p>\n<\/td>\n<td>\n<p><a href=\"https:\/\/brv-ringen.de\/index.php?option=com_rdb&amp;view=rdb&amp;Itemid=512&amp;tk=cs&amp;sid=2025&amp;yid=M&amp;menu=1&amp;op=lt&amp;lid=Gruppenliga&amp;tid=TSV+Weilheim\">TSV Weilheim<\/a><\/p>\n<\/td>\n<td>\n<p>7<\/p>\n<\/td>\n<td>\n<p>5<\/p>\n<\/td>\n<td>\n<p>0<\/p>\n<\/td>\n<td>\n<p>2<\/p>\n<\/td>\n<td>\n<p>227<\/p>\n<\/td>\n<td>\n<p>:<\/p>\n<\/td>\n<td>\n<p>138<\/p>\n<\/td>\n<td>\n<p>10<\/p>\n<\/td>\n<td>\n<p>:<\/p>\n<\/td>\n<td>\n<p>4<\/p>\n<\/td>\n<\/tr>\n<tr>\n<td>\n<p>4<\/p>\n<\/td>\n<td>\n<p><a href=\"https:\/\/brv-ringen.de\/index.php?option=com_rdb&amp;view=rdb&amp;Itemid=512&amp;tk=cs&amp;sid=2025&amp;yid=M&amp;menu=1&amp;op=lt&amp;lid=Gruppenliga&amp;tid=TSV+Berchtesgaden+II\">TSV Berchtesgaden II<\/a><\/p>\n<\/td>\n<td>\n<p>7<\/p>\n<\/td>\n<td>\n<p>2<\/p>\n<\/td>\n<td>\n<p>0<\/p>\n<\/td>\n<td>\n<p>5<\/p>\n<\/td>\n<td>\n<p>159<\/p>\n<\/td>\n<td>\n<p>:<\/p>\n<\/td>\n<td>\n<p>191<\/p>\n<\/td>\n<td>\n<p>4<\/p>\n<\/td>\n<td>\n<p>:<\/p>\n<\/td>\n<td>\n<p>10<\/p>\n<\/td>\n<\/tr>\n<tr>\n<td>\n<p>5<\/p>\n<\/td>\n<td>\n<p><a href=\"https:\/\/brv-ringen.de\/index.php?option=com_rdb&amp;view=rdb&amp;Itemid=512&amp;tk=cs&amp;sid=2025&amp;yid=M&amp;menu=1&amp;op=lt&amp;lid=Gruppenliga&amp;tid=AC+Penzberg+II\">AC Penzberg II<\/a><\/p>\n<\/td>\n<td>\n<p>6<\/p>\n<\/td>\n<td>\n<p>1<\/p>\n<\/td>\n<td>\n<p>1<\/p>\n<\/td>\n<td>\n<p>4<\/p>\n<\/td>\n<td>\n<p>109<\/p>\n<\/td>\n<td>\n<p>:<\/p>\n<\/td>\n<td>\n<p>190<\/p>\n<\/td>\n<td>\n<p>3<\/p>\n<\/td>\n<td>\n<p>:<\/p>\n<\/td>\n<td>\n<p>9<\/p>\n<\/td>\n<\/tr>\n<tr>\n<td>\n<p>6<\/p>\n<\/td>\n<td>\n<p><a href=\"https:\/\/brv-ringen.de\/index.php?option=com_rdb&amp;view=rdb&amp;Itemid=512&amp;tk=cs&amp;sid=2025&amp;yid=M&amp;menu=1&amp;op=lt&amp;lid=Gruppenliga&amp;tid=ESV+M%C3%BCnchen-Ost+II\">ESV M\u00fcnchen-Ost II<\/a><\/p>\n<\/td>\n<td>\n<p>6<\/p>\n<\/td>\n<td>\n<p>1<\/p>\n<\/td>\n<td>\n<p>1<\/p>\n<\/td>\n<td>\n<p>4<\/p>\n<\/td>\n<td>\n<p>88<\/p>\n<\/td>\n<td>\n<p>:<\/p>\n<\/td>\n<td>\n<p>214<\/p>\n<\/td>\n<td>\n<p>3<\/p>\n<\/td>\n<td>\n<p>:<\/p>\n<\/td>\n<td>\n<p>9<\/p>\n<\/td>\n<\/tr>\n<tr>\n<td>\n<p>7<\/p>\n<\/td>\n<td>\n<p><a href=\"https:\/\/brv-ringen.de\/index.php?option=com_rdb&amp;view=rdb&amp;Itemid=512&amp;tk=cs&amp;sid=2025&amp;yid=M&amp;menu=1&amp;op=lt&amp;lid=Gruppenliga&amp;tid=WKG+Diedorf%2FAugsburg+II\">WKG Diedorf\/Augsburg II<\/a><\/p>\n<\/td>\n<td>\n<p>6<\/p>\n<\/td>\n<td>\n<p>1<\/p>\n<\/td>\n<td>\n<p>0<\/p>\n<\/td>\n<td>\n<p>5<\/p>\n<\/td>\n<td>\n<p>99<\/p>\n<\/td>\n<td>\n<p>:<\/p>\n<\/td>\n<td>\n<p>191<\/p>\n<\/td>\n<td>\n<p>2<\/p>\n<\/td>\n<td>\n<p>:<\/p>\n<\/td>\n<td>\n<p>10<\/p>\n<\/td>\n<\/tr>\n<\/tbody>\n<\/table>\n<p>\u00a0<\/p>\n<p><strong>Gruppenoberliga S\u00fcd: <\/strong><\/p>\n<table>\n<tbody>\n<tr>\n<td>\u00a0<\/td>\n<td>\n<p>Mannschaft<\/p>\n<\/td>\n<td>\n<p>K<\/p>\n<\/td>\n<td>\n<p>S<\/p>\n<\/td>\n<td>\n<p>U<\/p>\n<\/td>\n<td>\n<p>N<\/p>\n<\/td>\n<td colspan=\"6\">\n<p>Punkte<\/p>\n<\/td>\n<\/tr>\n<tr>\n<td>\n<p>1<\/p>\n<\/td>\n<td>\n<p><a href=\"https:\/\/brv-ringen.de\/index.php?option=com_rdb&amp;view=rdb&amp;Itemid=512&amp;tk=cs&amp;sid=2025&amp;yid=M&amp;rid=S%C3%BCd&amp;menu=1&amp;op=lt&amp;lid=Gruppenoberliga&amp;tid=TV+Traunstein\">TV Traunstein<\/a><\/p>\n<\/td>\n<td>\n<p>7<\/p>\n<\/td>\n<td>\n<p>7<\/p>\n<\/td>\n<td>\n<p>0<\/p>\n<\/td>\n<td>\n<p>0<\/p>\n<\/td>\n<td>\n<p>320<\/p>\n<\/td>\n<td>\n<p>:<\/p>\n<\/td>\n<td>\n<p>38<\/p>\n<\/td>\n<td>\n<p>14<\/p>\n<\/td>\n<td>\n<p>:<\/p>\n<\/td>\n<td>\n<p>0<\/p>\n<\/td>\n<\/tr>\n<tr>\n<td>\n<p>2<\/p>\n<\/td>\n<td>\n<p><a href=\"https:\/\/brv-ringen.de\/index.php?option=com_rdb&amp;view=rdb&amp;Itemid=512&amp;tk=cs&amp;sid=2025&amp;yid=M&amp;menu=1&amp;op=lt&amp;lid=Gruppenoberliga&amp;tid=TSV+Westendorf+III\">TSV Westendorf III<\/a><\/p>\n<\/td>\n<td>\n<p>7<\/p>\n<\/td>\n<td>\n<p>6<\/p>\n<\/td>\n<td>\n<p>0<\/p>\n<\/td>\n<td>\n<p>1<\/p>\n<\/td>\n<td>\n<p>243<\/p>\n<\/td>\n<td>\n<p>:<\/p>\n<\/td>\n<td>\n<p>114<\/p>\n<\/td>\n<td>\n<p>12<\/p>\n<\/td>\n<td>\n<p>:<\/p>\n<\/td>\n<td>\n<p>2<\/p>\n<\/td>\n<\/tr>\n<tr>\n<td>\n<p>3<\/p>\n<\/td>\n<td>\n<p><a href=\"https:\/\/brv-ringen.de\/index.php?option=com_rdb&amp;view=rdb&amp;Itemid=512&amp;tk=cs&amp;sid=2025&amp;yid=M&amp;menu=1&amp;op=lt&amp;lid=Gruppenoberliga&amp;tid=TSV+Trostberg\">TSV Trostberg<\/a><\/p>\n<\/td>\n<td>\n<p>7<\/p>\n<\/td>\n<td>\n<p>4<\/p>\n<\/td>\n<td>\n<p>0<\/p>\n<\/td>\n<td>\n<p>3<\/p>\n<\/td>\n<td>\n<p>191<\/p>\n<\/td>\n<td>\n<p>:<\/p>\n<\/td>\n<td>\n<p>167<\/p>\n<\/td>\n<td>\n<p>8<\/p>\n<\/td>\n<td>\n<p>:<\/p>\n<\/td>\n<td>\n<p>6<\/p>\n<\/td>\n<\/tr>\n<tr>\n<td>\n<p>4<\/p>\n<\/td>\n<td>\n<p><a href=\"https:\/\/brv-ringen.de\/index.php?option=com_rdb&amp;view=rdb&amp;Itemid=512&amp;tk=cs&amp;sid=2025&amp;yid=M&amp;menu=1&amp;op=lt&amp;lid=Gruppenoberliga&amp;tid=WKG+Diedorf%2FAugsburg\">WKG Diedorf\/Augsburg<\/a><\/p>\n<\/td>\n<td>\n<p>7<\/p>\n<\/td>\n<td>\n<p>4<\/p>\n<\/td>\n<td>\n<p>0<\/p>\n<\/td>\n<td>\n<p>3<\/p>\n<\/td>\n<td>\n<p>189<\/p>\n<\/td>\n<td>\n<p>:<\/p>\n<\/td>\n<td>\n<p>159<\/p>\n<\/td>\n<td>\n<p>8<\/p>\n<\/td>\n<td>\n<p>:<\/p>\n<\/td>\n<td>\n<p>6<\/p>\n<\/td>\n<\/tr>\n<tr>\n<td>\n<p>5<\/p>\n<\/td>\n<td>\n<p><a href=\"https:\/\/brv-ringen.de\/index.php?option=com_rdb&amp;view=rdb&amp;Itemid=512&amp;tk=cs&amp;sid=2025&amp;yid=M&amp;menu=1&amp;op=lt&amp;lid=Gruppenoberliga&amp;tid=AC+Bad+Reichenhall\">AC Bad Reichenhall<\/a><\/p>\n<\/td>\n<td>\n<p>7<\/p>\n<\/td>\n<td>\n<p>3<\/p>\n<\/td>\n<td>\n<p>0<\/p>\n<\/td>\n<td>\n<p>4<\/p>\n<\/td>\n<td>\n<p>173<\/p>\n<\/td>\n<td>\n<p>:<\/p>\n<\/td>\n<td>\n<p>196<\/p>\n<\/td>\n<td>\n<p>6<\/p>\n<\/td>\n<td>\n<p>:<\/p>\n<\/td>\n<td>\n<p>8<\/p>\n<\/td>\n<\/tr>\n<tr>\n<td>\n<p>6<\/p>\n<\/td>\n<td>\n<p><a href=\"https:\/\/brv-ringen.de\/index.php?option=com_rdb&amp;view=rdb&amp;Itemid=512&amp;tk=cs&amp;sid=2025&amp;yid=M&amp;menu=1&amp;op=lt&amp;lid=Gruppenoberliga&amp;tid=TSV+1860+M%C3%BCnchen\">TSV 1860 M\u00fcnchen<\/a><\/p>\n<\/td>\n<td>\n<p>7<\/p>\n<\/td>\n<td>\n<p>2<\/p>\n<\/td>\n<td>\n<p>0<\/p>\n<\/td>\n<td>\n<p>5<\/p>\n<\/td>\n<td>\n<p>125<\/p>\n<\/td>\n<td>\n<p>:<\/p>\n<\/td>\n<td>\n<p>226<\/p>\n<\/td>\n<td>\n<p>4<\/p>\n<\/td>\n<td>\n<p>:<\/p>\n<\/td>\n<td>\n<p>10<\/p>\n<\/td>\n<\/tr>\n<tr>\n<td>\n<p>7<\/p>\n<\/td>\n<td>\n<p><a href=\"https:\/\/brv-ringen.de\/index.php?option=com_rdb&amp;view=rdb&amp;Itemid=512&amp;tk=cs&amp;sid=2025&amp;yid=M&amp;menu=1&amp;op=lt&amp;lid=Gruppenoberliga&amp;tid=SV+Kempten+II\">SV Kempten II<\/a><\/p>\n<\/td>\n<td>\n<p>7<\/p>\n<\/td>\n<td>\n<p>1<\/p>\n<\/td>\n<td>\n<p>0<\/p>\n<\/td>\n<td>\n<p>6<\/p>\n<\/td>\n<td>\n<p>96<\/p>\n<\/td>\n<td>\n<p>:<\/p>\n<\/td>\n<td>\n<p>250<\/p>\n<\/td>\n<td>\n<p>2<\/p>\n<\/td>\n<td>\n<p>:<\/p>\n<\/td>\n<td>\n<p>12<\/p>\n<\/td>\n<\/tr>\n<tr>\n<td>\n<p>8<\/p>\n<\/td>\n<td>\n<p><a href=\"https:\/\/brv-ringen.de\/index.php?option=com_rdb&amp;view=rdb&amp;Itemid=512&amp;tk=cs&amp;sid=2025&amp;yid=M&amp;menu=1&amp;op=lt&amp;lid=Gruppenoberliga&amp;tid=TV+Geiselh%C3%B6ring+II\">TV Geiselh\u00f6ring II<\/a><\/p>\n<\/td>\n<td>\n<p>7<\/p>\n<\/td>\n<td>\n<p>1<\/p>\n<\/td>\n<td>\n<p>0<\/p>\n<\/td>\n<td>\n<p>6<\/p>\n<\/td>\n<td>\n<p>92<\/p>\n<\/td>\n<td>\n<p>:<\/p>\n<\/td>\n<td>\n<p>279<\/p>\n<\/td>\n<td>\n<p>2<\/p>\n<\/td>\n<td>\n<p>:<\/p>\n<\/td>\n<td>\n<p>12<\/p>\n<\/td>\n<\/tr>\n<\/tbody>\n<\/table>\n<p>\u00a0<\/p>\n<p><strong>Bildtext: <br \/><br \/><\/strong>Siegringer beim TV Traunstein: David Dik (rotes Trikot) ist in der Saison bisher ungeschlagen.<br \/><img loading=\"lazy\" decoding=\"async\" class=\"alignnone size-full wp-image-8989\" src=\"https:\/\/www.ringen-traunstein.de\/wp\/wp-content\/uploads\/2025\/10\/DSC00898-2-scaled.jpg\" alt=\"\" width=\"2048\" height=\"1365\" srcset=\"https:\/\/www.ringen-traunstein.de\/wp\/wp-content\/uploads\/2025\/10\/DSC00898-2-scaled.jpg 2048w, https:\/\/www.ringen-traunstein.de\/wp\/wp-content\/uploads\/2025\/10\/DSC00898-2-1280x853.jpg 1280w, https:\/\/www.ringen-traunstein.de\/wp\/wp-content\/uploads\/2025\/10\/DSC00898-2-768x512.jpg 768w, https:\/\/www.ringen-traunstein.de\/wp\/wp-content\/uploads\/2025\/10\/DSC00898-2-1536x1024.jpg 1536w, https:\/\/www.ringen-traunstein.de\/wp\/wp-content\/uploads\/2025\/10\/DSC00898-2-624x416.jpg 624w\" sizes=\"auto, (max-width: 2048px) 100vw, 2048px\" \/><\/p>\n","protected":false},"excerpt":{"rendered":"<p>\u00dcberlegener Sieg in Kempten50:4 Erfolg der TVT-Ringer \u2013 Zweit siegt in Berchtesgaden nach spannendem Kampf Traunstein dominiert weiterhin klar die Ringer-Gruppenoberliga S\u00fcd und bleibt auch am 7. Kampftag ungeschlagen. Am&#8230; <a href=\"https:\/\/www.ringen-traunstein.de\/wp\/8988-2\/\">Read more &raquo;<\/a><\/p>\n","protected":false},"author":2,"featured_media":8989,"comment_status":"closed","ping_status":"closed","sticky":false,"template":"","format":"standard","meta":{"footnotes":""},"categories":[1],"tags":[],"class_list":["post-8988","post","type-post","status-publish","format-standard","has-post-thumbnail","hentry","category-allgemein"],"_links":{"self":[{"href":"https:\/\/www.ringen-traunstein.de\/wp\/wp-json\/wp\/v2\/posts\/8988","targetHints":{"allow":["GET"]}}],"collection":[{"href":"https:\/\/www.ringen-traunstein.de\/wp\/wp-json\/wp\/v2\/posts"}],"about":[{"href":"https:\/\/www.ringen-traunstein.de\/wp\/wp-json\/wp\/v2\/types\/post"}],"author":[{"embeddable":true,"href":"https:\/\/www.ringen-traunstein.de\/wp\/wp-json\/wp\/v2\/users\/2"}],"replies":[{"embeddable":true,"href":"https:\/\/www.ringen-traunstein.de\/wp\/wp-json\/wp\/v2\/comments?post=8988"}],"version-history":[{"count":2,"href":"https:\/\/www.ringen-traunstein.de\/wp\/wp-json\/wp\/v2\/posts\/8988\/revisions"}],"predecessor-version":[{"id":8991,"href":"https:\/\/www.ringen-traunstein.de\/wp\/wp-json\/wp\/v2\/posts\/8988\/revisions\/8991"}],"wp:featuredmedia":[{"embeddable":true,"href":"https:\/\/www.ringen-traunstein.de\/wp\/wp-json\/wp\/v2\/media\/8989"}],"wp:attachment":[{"href":"https:\/\/www.ringen-traunstein.de\/wp\/wp-json\/wp\/v2\/media?parent=8988"}],"wp:term":[{"taxonomy":"category","embeddable":true,"href":"https:\/\/www.ringen-traunstein.de\/wp\/wp-json\/wp\/v2\/categories?post=8988"},{"taxonomy":"post_tag","embeddable":true,"href":"https:\/\/www.ringen-traunstein.de\/wp\/wp-json\/wp\/v2\/tags?post=8988"}],"curies":[{"name":"wp","href":"https:\/\/api.w.org\/{rel}","templated":true}]}}