{"id":1497,"date":"2018-02-03T15:45:27","date_gmt":"2018-02-03T14:45:27","guid":{"rendered":"http:\/\/www.ringen-traunstein.de\/wp\/?p=1497"},"modified":"2018-02-03T18:52:48","modified_gmt":"2018-02-03T17:52:48","slug":"junge-tvt-ringer-bei-der-bayerischen-stark-von-ellerts-und-einsiedler-mit-edelmetall","status":"publish","type":"post","link":"https:\/\/www.ringen-traunstein.de\/wp\/junge-tvt-ringer-bei-der-bayerischen-stark-von-ellerts-und-einsiedler-mit-edelmetall\/","title":{"rendered":"Junge TVT-Ringer bei der Bayerischen stark: Von Ellerts und Einsiedler mit Edelmetall"},"content":{"rendered":"<p><strong>Von Ellerts und Einsiedler mit Edelmetall<br \/>\nJunge Traunsteiner Ringer mit starkem Auftritt<\/strong><\/p>\n<p><strong>Traunstein\/ Diedorf<\/strong> (awi). Ausgezeichnetes Abschneiden der jungen Traunsteiner Ringer bei den bayerischen Freistilmeisterschaften im Ringen: Im schw\u00e4bischen Diedorf gingen am Samstag die beiden Nachwuchsringer Sabina von Ellerts (weibliche Jugend) und Tobias Einsiedler (Kadetten) an den Start. Gold beziehungsweise Silber zeigten am Ende des mehrst\u00fcndigen Kampftages die Klasse der beiden TVT-Athleten.<\/p>\n<p>Von Ellerts (34 kg) holte einen Auftaktsieg, musste sich dann aber ihrer Kontrahentin aus Mering beugen. Die mutige Traunsteinerin lies im Nachgang aber zwei weiter Siege folgen. Da auch ihre sch\u00e4rfste Anw\u00e4rterin auf die Goldmedaille einmal patzte, gab der Rechenschieber am Ende den Ausschlag und der ermittelte die Traunsteiner als strahlende Siegerin und Bayerische Meisterin. Sie erhielt obendrauf eine Lehrgangseinladung vom Landestrainer.<\/p>\n<p>Einsiedler war einer der Favoriten auf die vorderen Pl\u00e4tze in der Gewichtsklasse bis 60 kg und startete bestens ins Turnier. Einem ungef\u00e4hrdeten 18:0 Sieg gegen seinen Kontrahenten aus Burgebrach lie\u00df er einen letztlich nie gef\u00e4hrdeten Punktsieg gegen seinen Westendorfer Gegner folgen bevor er im \u00dcberkreuzfinale seinen Gegen\u00fcber aus Anger schulterte, sich dabei aber an der Hand verletzte. Im engen Duell gegen seinen bereits mit Bundesligaerfahrung ausgestatteten Gegner aus N\u00fcrnberg f\u00fchrte er bis 15 Sekunden vor Schluss knapp mit 2:1 ehe diesem noch ein Doppelbeinangriff mit einer Viererwertung gelang. Einsiedler hatte das Nachsehen und gewann stark erk\u00e4mpftes Silber.<\/p>\n<p><img loading=\"lazy\" decoding=\"async\" class=\"alignnone size-medium wp-image-1498\" src=\"https:\/\/www.ringen-traunstein.de\/wp\/wp-content\/uploads\/2018\/02\/BM-Diedorf-211x300.jpg\" alt=\"\" width=\"211\" height=\"300\" \/><\/p>\n<p>\u201eBeide haben stark gerungen. Schade dass es f\u00fcr den Tobias nicht ganz gereicht hat. Trotzdem bin ich mit beiden hoch zufrieden\u201c betonte TVT-Chefcoach Petar Stefanov, der die zwei Nachwuchsringer vom Mattenrand aus betreute.<\/p>\n","protected":false},"excerpt":{"rendered":"<p>Von Ellerts und Einsiedler mit Edelmetall Junge Traunsteiner Ringer mit starkem Auftritt Traunstein\/ Diedorf (awi). Ausgezeichnetes Abschneiden der jungen Traunsteiner Ringer bei den bayerischen Freistilmeisterschaften im Ringen: Im schw\u00e4bischen Diedorf&#8230; <a href=\"https:\/\/www.ringen-traunstein.de\/wp\/junge-tvt-ringer-bei-der-bayerischen-stark-von-ellerts-und-einsiedler-mit-edelmetall\/\">Read more &raquo;<\/a><\/p>\n","protected":false},"author":2,"featured_media":0,"comment_status":"closed","ping_status":"closed","sticky":false,"template":"","format":"standard","meta":{"footnotes":""},"categories":[1],"tags":[],"class_list":["post-1497","post","type-post","status-publish","format-standard","hentry","category-allgemein"],"_links":{"self":[{"href":"https:\/\/www.ringen-traunstein.de\/wp\/wp-json\/wp\/v2\/posts\/1497","targetHints":{"allow":["GET"]}}],"collection":[{"href":"https:\/\/www.ringen-traunstein.de\/wp\/wp-json\/wp\/v2\/posts"}],"about":[{"href":"https:\/\/www.ringen-traunstein.de\/wp\/wp-json\/wp\/v2\/types\/post"}],"author":[{"embeddable":true,"href":"https:\/\/www.ringen-traunstein.de\/wp\/wp-json\/wp\/v2\/users\/2"}],"replies":[{"embeddable":true,"href":"https:\/\/www.ringen-traunstein.de\/wp\/wp-json\/wp\/v2\/comments?post=1497"}],"version-history":[{"count":3,"href":"https:\/\/www.ringen-traunstein.de\/wp\/wp-json\/wp\/v2\/posts\/1497\/revisions"}],"predecessor-version":[{"id":1501,"href":"https:\/\/www.ringen-traunstein.de\/wp\/wp-json\/wp\/v2\/posts\/1497\/revisions\/1501"}],"wp:attachment":[{"href":"https:\/\/www.ringen-traunstein.de\/wp\/wp-json\/wp\/v2\/media?parent=1497"}],"wp:term":[{"taxonomy":"category","embeddable":true,"href":"https:\/\/www.ringen-traunstein.de\/wp\/wp-json\/wp\/v2\/categories?post=1497"},{"taxonomy":"post_tag","embeddable":true,"href":"https:\/\/www.ringen-traunstein.de\/wp\/wp-json\/wp\/v2\/tags?post=1497"}],"curies":[{"name":"wp","href":"https:\/\/api.w.org\/{rel}","templated":true}]}}